{"id":230,"date":"2020-05-02T10:00:22","date_gmt":"2020-05-02T08:00:22","guid":{"rendered":"https:\/\/jupiterx.artbees.net\/automobile\/?p=230"},"modified":"2020-05-04T10:11:03","modified_gmt":"2020-05-04T08:11:03","slug":"inflyttning-i-hallbara-hyresratter-for-65-skjuts-fram","status":"publish","type":"post","link":"https:\/\/jemmett.se\/hoviksnas\/2020\/05\/02\/inflyttning-i-hallbara-hyresratter-for-65-skjuts-fram\/","title":{"rendered":"Inflyttning i h\u00e5llbara hyresr\u00e4tter f\u00f6r 65+ skjuts fram"},"content":{"rendered":"\n<p><strong>Bostadsutvecklingsf\u00f6retaget Jemmett AB har beviljats bygglov f\u00f6r 16 hyresl\u00e4genheter i H\u00f6viksn\u00e4s p\u00e5 Tj\u00f6rn. Ans\u00f6kan om bygglov f\u00f6r ytterligare tolv l\u00e4genheter i anslutning l\u00e4mnas till Tj\u00f6rns kommun i dagarna.<\/strong><br><strong>Nu skjuts byggstarten dock p\u00e5 framtiden ett antal m\u00e5nader p\u00e5 grund av den r\u00e5dande Corona-krisen.<\/strong><\/p>\n\n\n\n<p>\u2013 Huvuddelen av v\u00e5r finansiering \u00e4r beviljad av banken, men delar av toppfinansieringen \u00e4r f\u00f6r \u00f6gonblicket lagda p\u00e5 is. N\u00e5gra av v\u00e5ra finansi\u00e4rer har tillf\u00e4lligt tvingats pausa p\u00e5 grund av Corona-l\u00e4get, s\u00e4ger Jemmetts VD, Carlos Andersson. D\u00e4rf\u00f6r bromsar vi projektet tillf\u00e4lligt.<\/p>\n\n\n\n<p>De planerade bost\u00e4derna i H\u00f6viksn\u00e4s ska bli h\u00e5llbara och trygga hyresr\u00e4tter f\u00f6r m\u00e4nniskor \u00f6ver 65, med passivhusteknik, solceller, gemensamhetslokaler och elbilspool.<\/p>\n\n\n\n<p>Intresset f\u00f6r l\u00e4genheterna har varit mycket stort bland pension\u00e4rer p\u00e5 Tj\u00f6rn med omnejd och betydligt fler har st\u00e4llt sig p\u00e5 k\u00f6 \u00e4n vad det finns utrymme till. Inflyttningen var planerad till slutet av 2020. Men nu f\u00e5r de nya hyresg\u00e4sterna allts\u00e5 v\u00e4nta p\u00e5 att kunna flytta in, troligen till n\u00e5gon g\u00e5ng under f\u00f6rsta halv\u00e5ret 2021.<\/p>\n\n\n\n<p>\u2013 Vi har informerat alla som st\u00e5r i v\u00e5r k\u00f6 och vi kommer l\u00f6pande att h\u00e5lla dem informerade om utvecklingen.&nbsp;Vi beklagar att de m\u00e5ste v\u00e4nta p\u00e5 sina nya l\u00e4genheter och hoppas p\u00e5 deras f\u00f6rst\u00e5else, s\u00e4ger Carlos Andersson.&nbsp;<\/p>\n\n\n\n<p>\u2013 Vi har f\u00f6rhoppningar om att n\u00e4ringslivets p\u00e5verkan av Corona-krisen avmattas inom n\u00e5gra m\u00e5nader. D\u00e5 kommer projektet att \u00e5terupptas med f\u00f6rnyad kraft.<\/p>\n\n\n\n<p><\/p>\n","protected":false},"excerpt":{"rendered":"<p>Bostadsutvecklingsf\u00f6retaget Jemmett AB har beviljats bygglov f\u00f6r 16 hyresl\u00e4genheter i H\u00f6viksn\u00e4s p\u00e5 Tj\u00f6rn. Ans\u00f6kan om bygglov f\u00f6r ytterligare tolv l\u00e4genheter i anslutning l\u00e4mnas till Tj\u00f6rns kommun i dagarna.Nu skjuts byggstarten dock p\u00e5 framtiden ett antal m\u00e5nader p\u00e5 grund av den r\u00e5dande Corona-krisen. \u2013 Huvuddelen av v\u00e5r finansiering \u00e4r beviljad av banken, men delar av toppfinansieringen [&hellip;]<\/p>\n","protected":false},"author":1,"featured_media":0,"comment_status":"closed","ping_status":"open","sticky":false,"template":"","format":"standard","meta":[],"categories":[1],"tags":[],"acf":[],"_links":{"self":[{"href":"https:\/\/jemmett.se\/hoviksnas\/wp-json\/wp\/v2\/posts\/230"}],"collection":[{"href":"https:\/\/jemmett.se\/hoviksnas\/wp-json\/wp\/v2\/posts"}],"about":[{"href":"https:\/\/jemmett.se\/hoviksnas\/wp-json\/wp\/v2\/types\/post"}],"author":[{"embeddable":true,"href":"https:\/\/jemmett.se\/hoviksnas\/wp-json\/wp\/v2\/users\/1"}],"replies":[{"embeddable":true,"href":"https:\/\/jemmett.se\/hoviksnas\/wp-json\/wp\/v2\/comments?post=230"}],"version-history":[{"count":1,"href":"https:\/\/jemmett.se\/hoviksnas\/wp-json\/wp\/v2\/posts\/230\/revisions"}],"predecessor-version":[{"id":1409,"href":"https:\/\/jemmett.se\/hoviksnas\/wp-json\/wp\/v2\/posts\/230\/revisions\/1409"}],"wp:attachment":[{"href":"https:\/\/jemmett.se\/hoviksnas\/wp-json\/wp\/v2\/media?parent=230"}],"wp:term":[{"taxonomy":"category","embeddable":true,"href":"https:\/\/jemmett.se\/hoviksnas\/wp-json\/wp\/v2\/categories?post=230"},{"taxonomy":"post_tag","embeddable":true,"href":"https:\/\/jemmett.se\/hoviksnas\/wp-json\/wp\/v2\/tags?post=230"}],"curies":[{"name":"wp","href":"https:\/\/api.w.org\/{rel}","templated":true}]}}