{"id":230,"date":"2021-06-02T10:00:00","date_gmt":"2021-06-02T08:00:00","guid":{"rendered":"https:\/\/jupiterx.artbees.net\/automobile\/?p=230"},"modified":"2021-10-06T17:27:50","modified_gmt":"2021-10-06T15:27:50","slug":"inflyttning-i-hallbara-hyresratter-for-65-skjuts-fram","status":"publish","type":"post","link":"https:\/\/jemmett.se\/varvik\/2021\/06\/02\/inflyttning-i-hallbara-hyresratter-for-65-skjuts-fram\/","title":{"rendered":"Jemmett bland de f\u00f6rsta att bygga i ny, gr\u00f6n stadsdel"},"content":{"rendered":"\n<p><strong>BostadsJemmett AB \u00e4r ett av de f\u00f6rsta bostadsf\u00f6retagen som f\u00e5r markanvisning p\u00e5 V\u00e5rvik \u2013 Trollh\u00e4ttans nya stadsdel med fokus p\u00e5 h\u00e5llbarhet f\u00f6r b\u00e5de milj\u00f6 och m\u00e4nniskor.<br>\u2013 Det ligger helt i linje med V\u00e5rviks profil, s\u00e4ger Malin Nyberg, stadsdelsutvecklare f\u00f6r V\u00e5rvik p\u00e5 det kommunala bolaget Trollh\u00e4ttan Exploatering.<\/strong><\/p>\n\n\n\n<p>V\u00e5rvik \u00e4r en helt ny, central och gr\u00f6n stadsdel som v\u00e4xer fram v\u00e4ster om G\u00f6ta \u00c4lv. De kulturhistoriska byggnaderna p\u00e5 det gamla industriomr\u00e5det ska bevaras och samsas med nya, klimatsmarta hus i en dynamisk blandning. P\u00e5 sikt ska V\u00e5rvik omfatta mellan 1 600 och 1 800 bost\u00e4der och 17 000 kvadratmeter verksamhetslokaler. En ny bro ska byggas \u00f6ver \u00e4lven och binda ihop omr\u00e5det med centrala Trollh\u00e4ttan.<br>Som tredje bostadsf\u00f6retag har nu Jemmett AB blivit tilldelad mark p\u00e5 V\u00e5rvik \u2013 inom ett kvarter delat med Tapajos, som liksom Jemmett \u00e4r baserat i G\u00f6teborg, och intill d\u00e4r kommunala bostadsbolaget Eidar f\u00e5tt tilldelning.<\/p>\n\n\n\n<p>Jemmett planerar cirka 60\u201380 l\u00e4genheter inom konceptet Jemmett Tryggt Boende 65+, f\u00f6r m\u00e4nniskor som fyllt 65 och beh\u00f6ver praktiska, trygga boenden, med m\u00f6jligheter till social samvaro med grannarna. Ambitionen \u00e4r att skapa moderna och l\u00e4ttsk\u00f6tta hem och samtidigt i st\u00f6rsta m\u00f6jliga m\u00e5n ta ansvar f\u00f6r de energi- och milj\u00f6m\u00e4ssiga belastningar byggbranschen st\u00e5r f\u00f6r.<\/p>\n\n\n\n<p>\u2013 V\u00e5rvik f\u00e5r i och med Jemmett sin f\u00f6rsta tr\u00e4byggnad som ocks\u00e5 byggs som passivhus, helt i linje med V\u00e5rviks profil. Det \u00e4r otroligt kul att V\u00e5rviks koncept om h\u00e5llbarhet och socialt samh\u00e4llsbyggande lockar nya exploat\u00f6rer till Trollh\u00e4ttan, s\u00e4ger Malin Nyberg.<br>\u2013 Att f\u00e5 vara med och bygga upp ett nytt omr\u00e5de som fr\u00e5n b\u00f6rjan planeras med fokus p\u00e5 klimatet och ett h\u00e5llbart liv k\u00e4nns v\u00e4ldigt meningsfullt och passar oss perfekt, s\u00e4ger Carlos Andersson, VD f\u00f6r Jemmett AB.<br>\u2013 Vi ser att det finns ett stort intresse bland dagens 65-plussare att leva mer h\u00e5llbart. Vi vill skapa f\u00f6ruts\u00e4ttningar f\u00f6r det genom att bygga bland de mest milj\u00f6v\u00e4nliga hyresr\u00e4tter som finns i Sverige.<br>65+-l\u00e4genheterna p\u00e5 V\u00e5rvik ber\u00e4knas vara f\u00e4rdiga och inflyttningsklara under 2023.<\/p>\n\n\n\n<p>F\u00f6r mer information, kontakta:<br><em>Malin Nyberg, Stadsdelsutvecklare V\u00e5rvik<br>malin.nyberg@kraftstaden.se<br>0520-52 81 74<br>&nbsp;<br>Carlos Andersson, VD, Jemmett AB<br>carlos.andersson@jemmett.se<br>070-242 65 01<\/em><\/p>\n\n\n\n<p><\/p>\n","protected":false},"excerpt":{"rendered":"<p>BostadsJemmett AB \u00e4r ett av de f\u00f6rsta bostadsf\u00f6retagen som f\u00e5r markanvisning p\u00e5 V\u00e5rvik \u2013 Trollh\u00e4ttans nya stadsdel med fokus p\u00e5 h\u00e5llbarhet f\u00f6r b\u00e5de milj\u00f6 och m\u00e4nniskor.\u2013 Det ligger helt i linje med V\u00e5rviks profil, s\u00e4ger Malin Nyberg, stadsdelsutvecklare f\u00f6r V\u00e5rvik p\u00e5 det kommunala bolaget Trollh\u00e4ttan Exploatering. V\u00e5rvik \u00e4r en helt ny, central och gr\u00f6n stadsdel [&hellip;]<\/p>\n","protected":false},"author":1,"featured_media":1624,"comment_status":"closed","ping_status":"open","sticky":false,"template":"","format":"standard","meta":[],"categories":[1],"tags":[],"_links":{"self":[{"href":"https:\/\/jemmett.se\/varvik\/wp-json\/wp\/v2\/posts\/230"}],"collection":[{"href":"https:\/\/jemmett.se\/varvik\/wp-json\/wp\/v2\/posts"}],"about":[{"href":"https:\/\/jemmett.se\/varvik\/wp-json\/wp\/v2\/types\/post"}],"author":[{"embeddable":true,"href":"https:\/\/jemmett.se\/varvik\/wp-json\/wp\/v2\/users\/1"}],"replies":[{"embeddable":true,"href":"https:\/\/jemmett.se\/varvik\/wp-json\/wp\/v2\/comments?post=230"}],"version-history":[{"count":3,"href":"https:\/\/jemmett.se\/varvik\/wp-json\/wp\/v2\/posts\/230\/revisions"}],"predecessor-version":[{"id":1623,"href":"https:\/\/jemmett.se\/varvik\/wp-json\/wp\/v2\/posts\/230\/revisions\/1623"}],"wp:featuredmedia":[{"embeddable":true,"href":"https:\/\/jemmett.se\/varvik\/wp-json\/wp\/v2\/media\/1624"}],"wp:attachment":[{"href":"https:\/\/jemmett.se\/varvik\/wp-json\/wp\/v2\/media?parent=230"}],"wp:term":[{"taxonomy":"category","embeddable":true,"href":"https:\/\/jemmett.se\/varvik\/wp-json\/wp\/v2\/categories?post=230"},{"taxonomy":"post_tag","embeddable":true,"href":"https:\/\/jemmett.se\/varvik\/wp-json\/wp\/v2\/tags?post=230"}],"curies":[{"name":"wp","href":"https:\/\/api.w.org\/{rel}","templated":true}]}}